{"id":2458,"date":"2025-03-07T13:04:41","date_gmt":"2025-03-07T13:04:41","guid":{"rendered":"https:\/\/isda-congress.com\/2025\/?p=2458"},"modified":"2025-04-01T09:22:56","modified_gmt":"2025-04-01T09:22:56","slug":"dr-sarah-heili","status":"publish","type":"post","link":"https:\/\/isda-congress.com\/2025\/dr-sarah-heili\/","title":{"rendered":"Sarah Heili"},"content":{"rendered":"\n<p>Dr. Sarah B\u00e9atrice Heili Frades is a renowned expert in advanced respiratory care and critical care medicine. She holds a medical degree from the Universidad Aut\u00f3noma de Madrid, where she graduated with honors, and completed her specialization in Pulmonology at Fundaci\u00f3n Jim\u00e9nez D\u00edaz, Madrid. Dr. Heili Frades holds a doctoral degree (Cum Laude) and has further expanded her expertise through postgraduate studies at Harvard Medical School, MIT, and Universit\u00e9 Paris-Saclay.<\/p>\n\n\n\n<p>With a career spanning over two decades, Dr. Heili Frades has held significant roles, including Attending Physician in the Respiratory Intensive Care Unit at H\u00f4pital Europ\u00e9en Georges Pompidou, Paris, and Associate Chief of the Pulmonology Service at Fundaci\u00f3n Jim\u00e9nez D\u00edaz. She is also a Senior Researcher at CIBERES and the Chief Medical Officer at Aether Tech SL.<\/p>\n\n\n\n<p>Her clinical and research interests focus on non-invasive ventilation, mechanical ventilation, advanced respiratory monitoring, and pulmonary pathophysiology. She has published over 60 peer-reviewed articles and co-invented a patented device for non-invasive PEEP measurement. Dr. Heili Frades has been consistently named among &#8220;Forbes Top 100 Physicians in Spain&#8221; (2020\u20132023) and has received numerous research grants for her leadership in national and international studies on respiratory support.<\/p>\n\n\n\n<p>An active member of several professional organizations, including SEPAR and the European Respiratory Society, Dr. Heili Frades is recognized for her contributions to the field of pulmonary medicine, her academic achievements, and her innovative work in respiratory care.<\/p>\n","protected":false},"excerpt":{"rendered":"<p>Dr. Sarah B\u00e9atrice Heili Frades is a renowned expert in advanced respiratory care and critical care medicine. She holds a medical degree from the Universidad Aut\u00f3noma de Madrid, where she graduated with honors, and completed her specialization in Pulmonology at Fundaci\u00f3n Jim\u00e9nez D\u00edaz, Madrid. Dr. Heili Frades holds a doctoral degree (Cum Laude) and has [&hellip;]<\/p>\n","protected":false},"author":1,"featured_media":2760,"comment_status":"open","ping_status":"open","sticky":false,"template":"","format":"standard","meta":{"_monsterinsights_skip_tracking":false,"_monsterinsights_sitenote_active":false,"_monsterinsights_sitenote_note":"","_monsterinsights_sitenote_category":0,"footnotes":""},"categories":[13],"tags":[],"class_list":["post-2458","post","type-post","status-publish","format-standard","has-post-thumbnail","hentry","category-speakers"],"yoast_head":"<!-- This site is optimized with the Yoast SEO plugin v24.6 - https:\/\/yoast.com\/wordpress\/plugins\/seo\/ -->\n<title>Sarah Heili - ISDA 2025<\/title>\n<meta name=\"robots\" content=\"index, follow, max-snippet:-1, max-image-preview:large, max-video-preview:-1\" \/>\n<link rel=\"canonical\" href=\"https:\/\/isda-congress.com\/2025\/dr-sarah-heili\/\" \/>\n<meta property=\"og:locale\" content=\"en_US\" \/>\n<meta property=\"og:type\" content=\"article\" \/>\n<meta property=\"og:title\" content=\"Sarah Heili - ISDA 2025\" \/>\n<meta property=\"og:description\" content=\"Dr. Sarah B\u00e9atrice Heili Frades is a renowned expert in advanced respiratory care and critical care medicine. She holds a medical degree from the Universidad Aut\u00f3noma de Madrid, where she graduated with honors, and completed her specialization in Pulmonology at Fundaci\u00f3n Jim\u00e9nez D\u00edaz, Madrid. Dr. Heili Frades holds a doctoral degree (Cum Laude) and has [&hellip;]\" \/>\n<meta property=\"og:url\" content=\"https:\/\/isda-congress.com\/2025\/dr-sarah-heili\/\" \/>\n<meta property=\"og:site_name\" content=\"ISDA 2025\" \/>\n<meta property=\"article:published_time\" content=\"2025-03-07T13:04:41+00:00\" \/>\n<meta property=\"article:modified_time\" content=\"2025-04-01T09:22:56+00:00\" \/>\n<meta property=\"og:image\" content=\"https:\/\/isda-congress.com\/2025\/wp-content\/uploads\/2025\/03\/Heili-Sarah_photo.jpg\" \/>\n\t<meta property=\"og:image:width\" content=\"232\" \/>\n\t<meta property=\"og:image:height\" content=\"315\" \/>\n\t<meta property=\"og:image:type\" content=\"image\/jpeg\" \/>\n<meta name=\"author\" content=\"gil\" \/>\n<meta name=\"twitter:card\" content=\"summary_large_image\" \/>\n<meta name=\"twitter:label1\" content=\"Written by\" \/>\n\t<meta name=\"twitter:data1\" content=\"gil\" \/>\n\t<meta name=\"twitter:label2\" content=\"Est. reading time\" \/>\n\t<meta name=\"twitter:data2\" content=\"2 minutes\" \/>\n<script type=\"application\/ld+json\" class=\"yoast-schema-graph\">{\"@context\":\"https:\/\/schema.org\",\"@graph\":[{\"@type\":\"Article\",\"@id\":\"https:\/\/isda-congress.com\/2025\/dr-sarah-heili\/#article\",\"isPartOf\":{\"@id\":\"https:\/\/isda-congress.com\/2025\/dr-sarah-heili\/\"},\"author\":{\"name\":\"gil\",\"@id\":\"https:\/\/isda-congress.com\/2025\/#\/schema\/person\/6c38ce2e36209b2a9381a0b0919c47c2\"},\"headline\":\"Sarah Heili\",\"datePublished\":\"2025-03-07T13:04:41+00:00\",\"dateModified\":\"2025-04-01T09:22:56+00:00\",\"mainEntityOfPage\":{\"@id\":\"https:\/\/isda-congress.com\/2025\/dr-sarah-heili\/\"},\"wordCount\":239,\"commentCount\":0,\"publisher\":{\"@id\":\"https:\/\/isda-congress.com\/2025\/#organization\"},\"image\":{\"@id\":\"https:\/\/isda-congress.com\/2025\/dr-sarah-heili\/#primaryimage\"},\"thumbnailUrl\":\"https:\/\/isda-congress.com\/2025\/wp-content\/uploads\/2025\/03\/Heili-Sarah_photo.jpg\",\"articleSection\":[\"Speakers\"],\"inLanguage\":\"en-US\",\"potentialAction\":[{\"@type\":\"CommentAction\",\"name\":\"Comment\",\"target\":[\"https:\/\/isda-congress.com\/2025\/dr-sarah-heili\/#respond\"]}]},{\"@type\":\"WebPage\",\"@id\":\"https:\/\/isda-congress.com\/2025\/dr-sarah-heili\/\",\"url\":\"https:\/\/isda-congress.com\/2025\/dr-sarah-heili\/\",\"name\":\"Sarah Heili - ISDA 2025\",\"isPartOf\":{\"@id\":\"https:\/\/isda-congress.com\/2025\/#website\"},\"primaryImageOfPage\":{\"@id\":\"https:\/\/isda-congress.com\/2025\/dr-sarah-heili\/#primaryimage\"},\"image\":{\"@id\":\"https:\/\/isda-congress.com\/2025\/dr-sarah-heili\/#primaryimage\"},\"thumbnailUrl\":\"https:\/\/isda-congress.com\/2025\/wp-content\/uploads\/2025\/03\/Heili-Sarah_photo.jpg\",\"datePublished\":\"2025-03-07T13:04:41+00:00\",\"dateModified\":\"2025-04-01T09:22:56+00:00\",\"breadcrumb\":{\"@id\":\"https:\/\/isda-congress.com\/2025\/dr-sarah-heili\/#breadcrumb\"},\"inLanguage\":\"en-US\",\"potentialAction\":[{\"@type\":\"ReadAction\",\"target\":[\"https:\/\/isda-congress.com\/2025\/dr-sarah-heili\/\"]}]},{\"@type\":\"ImageObject\",\"inLanguage\":\"en-US\",\"@id\":\"https:\/\/isda-congress.com\/2025\/dr-sarah-heili\/#primaryimage\",\"url\":\"https:\/\/isda-congress.com\/2025\/wp-content\/uploads\/2025\/03\/Heili-Sarah_photo.jpg\",\"contentUrl\":\"https:\/\/isda-congress.com\/2025\/wp-content\/uploads\/2025\/03\/Heili-Sarah_photo.jpg\",\"width\":232,\"height\":315},{\"@type\":\"BreadcrumbList\",\"@id\":\"https:\/\/isda-congress.com\/2025\/dr-sarah-heili\/#breadcrumb\",\"itemListElement\":[{\"@type\":\"ListItem\",\"position\":1,\"name\":\"Home\",\"item\":\"https:\/\/isda-congress.com\/2025\/\"},{\"@type\":\"ListItem\",\"position\":2,\"name\":\"Sarah Heili\"}]},{\"@type\":\"WebSite\",\"@id\":\"https:\/\/isda-congress.com\/2025\/#website\",\"url\":\"https:\/\/isda-congress.com\/2025\/\",\"name\":\"ISDA 2025\",\"description\":\"The 8th International Sleep Disorder Academy Congress\",\"publisher\":{\"@id\":\"https:\/\/isda-congress.com\/2025\/#organization\"},\"potentialAction\":[{\"@type\":\"SearchAction\",\"target\":{\"@type\":\"EntryPoint\",\"urlTemplate\":\"https:\/\/isda-congress.com\/2025\/?s={search_term_string}\"},\"query-input\":{\"@type\":\"PropertyValueSpecification\",\"valueRequired\":true,\"valueName\":\"search_term_string\"}}],\"inLanguage\":\"en-US\"},{\"@type\":\"Organization\",\"@id\":\"https:\/\/isda-congress.com\/2025\/#organization\",\"name\":\"ISDA 2025\",\"url\":\"https:\/\/isda-congress.com\/2025\/\",\"logo\":{\"@type\":\"ImageObject\",\"inLanguage\":\"en-US\",\"@id\":\"https:\/\/isda-congress.com\/2025\/#\/schema\/logo\/image\/\",\"url\":\"https:\/\/isda-congress.com\/2025\/wp-content\/uploads\/2024\/06\/isda.png\",\"contentUrl\":\"https:\/\/isda-congress.com\/2025\/wp-content\/uploads\/2024\/06\/isda.png\",\"width\":500,\"height\":500,\"caption\":\"ISDA 2025\"},\"image\":{\"@id\":\"https:\/\/isda-congress.com\/2025\/#\/schema\/logo\/image\/\"}},{\"@type\":\"Person\",\"@id\":\"https:\/\/isda-congress.com\/2025\/#\/schema\/person\/6c38ce2e36209b2a9381a0b0919c47c2\",\"name\":\"gil\",\"image\":{\"@type\":\"ImageObject\",\"inLanguage\":\"en-US\",\"@id\":\"https:\/\/isda-congress.com\/2025\/#\/schema\/person\/image\/\",\"url\":\"https:\/\/secure.gravatar.com\/avatar\/06ad1da76c4572af5e44c224287f09bc7a07242627ccd610e4507f72fafcef39?s=96&d=mm&r=g\",\"contentUrl\":\"https:\/\/secure.gravatar.com\/avatar\/06ad1da76c4572af5e44c224287f09bc7a07242627ccd610e4507f72fafcef39?s=96&d=mm&r=g\",\"caption\":\"gil\"},\"sameAs\":[\"https:\/\/isda-congress.com\/2025\"],\"url\":\"https:\/\/isda-congress.com\/2025\/author\/gil\/\"}]}<\/script>\n<!-- \/ Yoast SEO plugin. -->","yoast_head_json":{"title":"Sarah Heili - ISDA 2025","robots":{"index":"index","follow":"follow","max-snippet":"max-snippet:-1","max-image-preview":"max-image-preview:large","max-video-preview":"max-video-preview:-1"},"canonical":"https:\/\/isda-congress.com\/2025\/dr-sarah-heili\/","og_locale":"en_US","og_type":"article","og_title":"Sarah Heili - ISDA 2025","og_description":"Dr. Sarah B\u00e9atrice Heili Frades is a renowned expert in advanced respiratory care and critical care medicine. She holds a medical degree from the Universidad Aut\u00f3noma de Madrid, where she graduated with honors, and completed her specialization in Pulmonology at Fundaci\u00f3n Jim\u00e9nez D\u00edaz, Madrid. Dr. Heili Frades holds a doctoral degree (Cum Laude) and has [&hellip;]","og_url":"https:\/\/isda-congress.com\/2025\/dr-sarah-heili\/","og_site_name":"ISDA 2025","article_published_time":"2025-03-07T13:04:41+00:00","article_modified_time":"2025-04-01T09:22:56+00:00","og_image":[{"width":232,"height":315,"url":"https:\/\/isda-congress.com\/2025\/wp-content\/uploads\/2025\/03\/Heili-Sarah_photo.jpg","type":"image\/jpeg"}],"author":"gil","twitter_card":"summary_large_image","twitter_misc":{"Written by":"gil","Est. reading time":"2 minutes"},"schema":{"@context":"https:\/\/schema.org","@graph":[{"@type":"Article","@id":"https:\/\/isda-congress.com\/2025\/dr-sarah-heili\/#article","isPartOf":{"@id":"https:\/\/isda-congress.com\/2025\/dr-sarah-heili\/"},"author":{"name":"gil","@id":"https:\/\/isda-congress.com\/2025\/#\/schema\/person\/6c38ce2e36209b2a9381a0b0919c47c2"},"headline":"Sarah Heili","datePublished":"2025-03-07T13:04:41+00:00","dateModified":"2025-04-01T09:22:56+00:00","mainEntityOfPage":{"@id":"https:\/\/isda-congress.com\/2025\/dr-sarah-heili\/"},"wordCount":239,"commentCount":0,"publisher":{"@id":"https:\/\/isda-congress.com\/2025\/#organization"},"image":{"@id":"https:\/\/isda-congress.com\/2025\/dr-sarah-heili\/#primaryimage"},"thumbnailUrl":"https:\/\/isda-congress.com\/2025\/wp-content\/uploads\/2025\/03\/Heili-Sarah_photo.jpg","articleSection":["Speakers"],"inLanguage":"en-US","potentialAction":[{"@type":"CommentAction","name":"Comment","target":["https:\/\/isda-congress.com\/2025\/dr-sarah-heili\/#respond"]}]},{"@type":"WebPage","@id":"https:\/\/isda-congress.com\/2025\/dr-sarah-heili\/","url":"https:\/\/isda-congress.com\/2025\/dr-sarah-heili\/","name":"Sarah Heili - ISDA 2025","isPartOf":{"@id":"https:\/\/isda-congress.com\/2025\/#website"},"primaryImageOfPage":{"@id":"https:\/\/isda-congress.com\/2025\/dr-sarah-heili\/#primaryimage"},"image":{"@id":"https:\/\/isda-congress.com\/2025\/dr-sarah-heili\/#primaryimage"},"thumbnailUrl":"https:\/\/isda-congress.com\/2025\/wp-content\/uploads\/2025\/03\/Heili-Sarah_photo.jpg","datePublished":"2025-03-07T13:04:41+00:00","dateModified":"2025-04-01T09:22:56+00:00","breadcrumb":{"@id":"https:\/\/isda-congress.com\/2025\/dr-sarah-heili\/#breadcrumb"},"inLanguage":"en-US","potentialAction":[{"@type":"ReadAction","target":["https:\/\/isda-congress.com\/2025\/dr-sarah-heili\/"]}]},{"@type":"ImageObject","inLanguage":"en-US","@id":"https:\/\/isda-congress.com\/2025\/dr-sarah-heili\/#primaryimage","url":"https:\/\/isda-congress.com\/2025\/wp-content\/uploads\/2025\/03\/Heili-Sarah_photo.jpg","contentUrl":"https:\/\/isda-congress.com\/2025\/wp-content\/uploads\/2025\/03\/Heili-Sarah_photo.jpg","width":232,"height":315},{"@type":"BreadcrumbList","@id":"https:\/\/isda-congress.com\/2025\/dr-sarah-heili\/#breadcrumb","itemListElement":[{"@type":"ListItem","position":1,"name":"Home","item":"https:\/\/isda-congress.com\/2025\/"},{"@type":"ListItem","position":2,"name":"Sarah Heili"}]},{"@type":"WebSite","@id":"https:\/\/isda-congress.com\/2025\/#website","url":"https:\/\/isda-congress.com\/2025\/","name":"ISDA 2025","description":"The 8th International Sleep Disorder Academy Congress","publisher":{"@id":"https:\/\/isda-congress.com\/2025\/#organization"},"potentialAction":[{"@type":"SearchAction","target":{"@type":"EntryPoint","urlTemplate":"https:\/\/isda-congress.com\/2025\/?s={search_term_string}"},"query-input":{"@type":"PropertyValueSpecification","valueRequired":true,"valueName":"search_term_string"}}],"inLanguage":"en-US"},{"@type":"Organization","@id":"https:\/\/isda-congress.com\/2025\/#organization","name":"ISDA 2025","url":"https:\/\/isda-congress.com\/2025\/","logo":{"@type":"ImageObject","inLanguage":"en-US","@id":"https:\/\/isda-congress.com\/2025\/#\/schema\/logo\/image\/","url":"https:\/\/isda-congress.com\/2025\/wp-content\/uploads\/2024\/06\/isda.png","contentUrl":"https:\/\/isda-congress.com\/2025\/wp-content\/uploads\/2024\/06\/isda.png","width":500,"height":500,"caption":"ISDA 2025"},"image":{"@id":"https:\/\/isda-congress.com\/2025\/#\/schema\/logo\/image\/"}},{"@type":"Person","@id":"https:\/\/isda-congress.com\/2025\/#\/schema\/person\/6c38ce2e36209b2a9381a0b0919c47c2","name":"gil","image":{"@type":"ImageObject","inLanguage":"en-US","@id":"https:\/\/isda-congress.com\/2025\/#\/schema\/person\/image\/","url":"https:\/\/secure.gravatar.com\/avatar\/06ad1da76c4572af5e44c224287f09bc7a07242627ccd610e4507f72fafcef39?s=96&d=mm&r=g","contentUrl":"https:\/\/secure.gravatar.com\/avatar\/06ad1da76c4572af5e44c224287f09bc7a07242627ccd610e4507f72fafcef39?s=96&d=mm&r=g","caption":"gil"},"sameAs":["https:\/\/isda-congress.com\/2025"],"url":"https:\/\/isda-congress.com\/2025\/author\/gil\/"}]}},"_links":{"self":[{"href":"https:\/\/isda-congress.com\/2025\/wp-json\/wp\/v2\/posts\/2458","targetHints":{"allow":["GET"]}}],"collection":[{"href":"https:\/\/isda-congress.com\/2025\/wp-json\/wp\/v2\/posts"}],"about":[{"href":"https:\/\/isda-congress.com\/2025\/wp-json\/wp\/v2\/types\/post"}],"author":[{"embeddable":true,"href":"https:\/\/isda-congress.com\/2025\/wp-json\/wp\/v2\/users\/1"}],"replies":[{"embeddable":true,"href":"https:\/\/isda-congress.com\/2025\/wp-json\/wp\/v2\/comments?post=2458"}],"version-history":[{"count":3,"href":"https:\/\/isda-congress.com\/2025\/wp-json\/wp\/v2\/posts\/2458\/revisions"}],"predecessor-version":[{"id":2761,"href":"https:\/\/isda-congress.com\/2025\/wp-json\/wp\/v2\/posts\/2458\/revisions\/2761"}],"wp:featuredmedia":[{"embeddable":true,"href":"https:\/\/isda-congress.com\/2025\/wp-json\/wp\/v2\/media\/2760"}],"wp:attachment":[{"href":"https:\/\/isda-congress.com\/2025\/wp-json\/wp\/v2\/media?parent=2458"}],"wp:term":[{"taxonomy":"category","embeddable":true,"href":"https:\/\/isda-congress.com\/2025\/wp-json\/wp\/v2\/categories?post=2458"},{"taxonomy":"post_tag","embeddable":true,"href":"https:\/\/isda-congress.com\/2025\/wp-json\/wp\/v2\/tags?post=2458"}],"curies":[{"name":"wp","href":"https:\/\/api.w.org\/{rel}","templated":true}]}}