{"id":2464,"date":"2025-03-07T13:07:14","date_gmt":"2025-03-07T13:07:14","guid":{"rendered":"https:\/\/isda-congress.com\/2025\/?p=2464"},"modified":"2025-03-24T14:13:44","modified_gmt":"2025-03-24T14:13:44","slug":"dr-manel-lujan","status":"publish","type":"post","link":"https:\/\/isda-congress.com\/2025\/dr-manel-lujan\/","title":{"rendered":"Manel Lujan"},"content":{"rendered":"\t\t<div data-elementor-type=\"wp-post\" data-elementor-id=\"2464\" class=\"elementor elementor-2464\" data-elementor-post-type=\"post\">\n\t\t\t\t<div class=\"elementor-element elementor-element-a5a3a3a e-flex e-con-boxed e-con e-parent\" data-id=\"a5a3a3a\" data-element_type=\"container\">\n\t\t\t\t\t<div class=\"e-con-inner\">\n\t\t\t\t<div class=\"elementor-element elementor-element-90e3a73 elementor-widget elementor-widget-text-editor\" data-id=\"90e3a73\" data-element_type=\"widget\" data-widget_type=\"text-editor.default\">\n\t\t\t\t<div class=\"elementor-widget-container\">\n\t\t\t\t\t\t\t\t\t<p><span data-contrast=\"auto\">Dr. Manel Luj\u00e1n, MD, PhD, is the Director of the Pulmonology Service at Hospital Universitari Parc Taul\u00ed in Sabadell, Spain. He is also an Associate Professor in the Department of Medicine at Universitat Aut\u00f2noma de Barcelona.<\/span><span data-ccp-props=\"{}\">\u00a0<\/span><\/p><p><span data-contrast=\"auto\">He serves as the Director of the Integrated Research Program in Non-Invasive Ventilation of the Spanish Society of Pulmonary Medicine (SEPAR) and is a member of the SOMNO-NIV group.<\/span><span data-ccp-props=\"{}\">\u00a0<\/span><\/p><p><span data-contrast=\"auto\">Dr. Luj\u00e1n is an active member of the Spanish Society of Pulmonary Medicine (SEPAR) and the European Respiratory Society.<\/span><span data-ccp-props=\"{}\">\u00a0<\/span><\/p><p><span data-ccp-props=\"{}\">\u00a0<\/span><\/p>\t\t\t\t\t\t\t\t<\/div>\n\t\t\t\t<\/div>\n\t\t\t\t\t<\/div>\n\t\t\t\t<\/div>\n\t\t\t\t<\/div>\n\t\t","protected":false},"excerpt":{"rendered":"<p>Dr. Manel Luj\u00e1n, MD, PhD, is the Director of the Pulmonology Service at Hospital Universitari Parc Taul\u00ed in Sabadell, Spain. He is also an Associate Professor in the Department of Medicine at Universitat Aut\u00f2noma de Barcelona.\u00a0 He serves as the Director of the Integrated Research Program in Non-Invasive Ventilation of the Spanish Society of Pulmonary [&hellip;]<\/p>\n","protected":false},"author":1,"featured_media":2713,"comment_status":"open","ping_status":"open","sticky":false,"template":"","format":"standard","meta":{"_monsterinsights_skip_tracking":false,"_monsterinsights_sitenote_active":false,"_monsterinsights_sitenote_note":"","_monsterinsights_sitenote_category":0,"footnotes":""},"categories":[13],"tags":[],"class_list":["post-2464","post","type-post","status-publish","format-standard","has-post-thumbnail","hentry","category-speakers"],"yoast_head":"<!-- This site is optimized with the Yoast SEO plugin v24.6 - https:\/\/yoast.com\/wordpress\/plugins\/seo\/ -->\n<title>Manel Lujan - ISDA 2025<\/title>\n<meta name=\"robots\" content=\"index, follow, max-snippet:-1, max-image-preview:large, max-video-preview:-1\" \/>\n<link rel=\"canonical\" href=\"https:\/\/isda-congress.com\/2025\/dr-manel-lujan\/\" \/>\n<meta property=\"og:locale\" content=\"en_US\" \/>\n<meta property=\"og:type\" content=\"article\" \/>\n<meta property=\"og:title\" content=\"Manel Lujan - ISDA 2025\" \/>\n<meta property=\"og:description\" content=\"Dr. Manel Luj\u00e1n, MD, PhD, is the Director of the Pulmonology Service at Hospital Universitari Parc Taul\u00ed in Sabadell, Spain. He is also an Associate Professor in the Department of Medicine at Universitat Aut\u00f2noma de Barcelona.\u00a0 He serves as the Director of the Integrated Research Program in Non-Invasive Ventilation of the Spanish Society of Pulmonary [&hellip;]\" \/>\n<meta property=\"og:url\" content=\"https:\/\/isda-congress.com\/2025\/dr-manel-lujan\/\" \/>\n<meta property=\"og:site_name\" content=\"ISDA 2025\" \/>\n<meta property=\"article:published_time\" content=\"2025-03-07T13:07:14+00:00\" \/>\n<meta property=\"article:modified_time\" content=\"2025-03-24T14:13:44+00:00\" \/>\n<meta property=\"og:image\" content=\"https:\/\/isda-congress.com\/2025\/wp-content\/uploads\/2025\/03\/Untitled-design-14.png\" \/>\n\t<meta property=\"og:image:width\" content=\"300\" \/>\n\t<meta property=\"og:image:height\" content=\"300\" \/>\n\t<meta property=\"og:image:type\" content=\"image\/png\" \/>\n<meta name=\"author\" content=\"gil\" \/>\n<meta name=\"twitter:card\" content=\"summary_large_image\" \/>\n<meta name=\"twitter:label1\" content=\"Written by\" \/>\n\t<meta name=\"twitter:data1\" content=\"gil\" \/>\n\t<meta name=\"twitter:label2\" content=\"Est. reading time\" \/>\n\t<meta name=\"twitter:data2\" content=\"1 minute\" \/>\n<script type=\"application\/ld+json\" class=\"yoast-schema-graph\">{\"@context\":\"https:\/\/schema.org\",\"@graph\":[{\"@type\":\"Article\",\"@id\":\"https:\/\/isda-congress.com\/2025\/dr-manel-lujan\/#article\",\"isPartOf\":{\"@id\":\"https:\/\/isda-congress.com\/2025\/dr-manel-lujan\/\"},\"author\":{\"name\":\"gil\",\"@id\":\"https:\/\/isda-congress.com\/2025\/#\/schema\/person\/6c38ce2e36209b2a9381a0b0919c47c2\"},\"headline\":\"Manel Lujan\",\"datePublished\":\"2025-03-07T13:07:14+00:00\",\"dateModified\":\"2025-03-24T14:13:44+00:00\",\"mainEntityOfPage\":{\"@id\":\"https:\/\/isda-congress.com\/2025\/dr-manel-lujan\/\"},\"wordCount\":89,\"commentCount\":0,\"publisher\":{\"@id\":\"https:\/\/isda-congress.com\/2025\/#organization\"},\"image\":{\"@id\":\"https:\/\/isda-congress.com\/2025\/dr-manel-lujan\/#primaryimage\"},\"thumbnailUrl\":\"https:\/\/isda-congress.com\/2025\/wp-content\/uploads\/2025\/03\/Untitled-design-14.png\",\"articleSection\":[\"Speakers\"],\"inLanguage\":\"en-US\",\"potentialAction\":[{\"@type\":\"CommentAction\",\"name\":\"Comment\",\"target\":[\"https:\/\/isda-congress.com\/2025\/dr-manel-lujan\/#respond\"]}]},{\"@type\":\"WebPage\",\"@id\":\"https:\/\/isda-congress.com\/2025\/dr-manel-lujan\/\",\"url\":\"https:\/\/isda-congress.com\/2025\/dr-manel-lujan\/\",\"name\":\"Manel Lujan - ISDA 2025\",\"isPartOf\":{\"@id\":\"https:\/\/isda-congress.com\/2025\/#website\"},\"primaryImageOfPage\":{\"@id\":\"https:\/\/isda-congress.com\/2025\/dr-manel-lujan\/#primaryimage\"},\"image\":{\"@id\":\"https:\/\/isda-congress.com\/2025\/dr-manel-lujan\/#primaryimage\"},\"thumbnailUrl\":\"https:\/\/isda-congress.com\/2025\/wp-content\/uploads\/2025\/03\/Untitled-design-14.png\",\"datePublished\":\"2025-03-07T13:07:14+00:00\",\"dateModified\":\"2025-03-24T14:13:44+00:00\",\"breadcrumb\":{\"@id\":\"https:\/\/isda-congress.com\/2025\/dr-manel-lujan\/#breadcrumb\"},\"inLanguage\":\"en-US\",\"potentialAction\":[{\"@type\":\"ReadAction\",\"target\":[\"https:\/\/isda-congress.com\/2025\/dr-manel-lujan\/\"]}]},{\"@type\":\"ImageObject\",\"inLanguage\":\"en-US\",\"@id\":\"https:\/\/isda-congress.com\/2025\/dr-manel-lujan\/#primaryimage\",\"url\":\"https:\/\/isda-congress.com\/2025\/wp-content\/uploads\/2025\/03\/Untitled-design-14.png\",\"contentUrl\":\"https:\/\/isda-congress.com\/2025\/wp-content\/uploads\/2025\/03\/Untitled-design-14.png\",\"width\":300,\"height\":300},{\"@type\":\"BreadcrumbList\",\"@id\":\"https:\/\/isda-congress.com\/2025\/dr-manel-lujan\/#breadcrumb\",\"itemListElement\":[{\"@type\":\"ListItem\",\"position\":1,\"name\":\"Home\",\"item\":\"https:\/\/isda-congress.com\/2025\/\"},{\"@type\":\"ListItem\",\"position\":2,\"name\":\"Manel Lujan\"}]},{\"@type\":\"WebSite\",\"@id\":\"https:\/\/isda-congress.com\/2025\/#website\",\"url\":\"https:\/\/isda-congress.com\/2025\/\",\"name\":\"ISDA 2025\",\"description\":\"The 8th International Sleep Disorder Academy Congress\",\"publisher\":{\"@id\":\"https:\/\/isda-congress.com\/2025\/#organization\"},\"potentialAction\":[{\"@type\":\"SearchAction\",\"target\":{\"@type\":\"EntryPoint\",\"urlTemplate\":\"https:\/\/isda-congress.com\/2025\/?s={search_term_string}\"},\"query-input\":{\"@type\":\"PropertyValueSpecification\",\"valueRequired\":true,\"valueName\":\"search_term_string\"}}],\"inLanguage\":\"en-US\"},{\"@type\":\"Organization\",\"@id\":\"https:\/\/isda-congress.com\/2025\/#organization\",\"name\":\"ISDA 2025\",\"url\":\"https:\/\/isda-congress.com\/2025\/\",\"logo\":{\"@type\":\"ImageObject\",\"inLanguage\":\"en-US\",\"@id\":\"https:\/\/isda-congress.com\/2025\/#\/schema\/logo\/image\/\",\"url\":\"https:\/\/isda-congress.com\/2025\/wp-content\/uploads\/2024\/06\/isda.png\",\"contentUrl\":\"https:\/\/isda-congress.com\/2025\/wp-content\/uploads\/2024\/06\/isda.png\",\"width\":500,\"height\":500,\"caption\":\"ISDA 2025\"},\"image\":{\"@id\":\"https:\/\/isda-congress.com\/2025\/#\/schema\/logo\/image\/\"}},{\"@type\":\"Person\",\"@id\":\"https:\/\/isda-congress.com\/2025\/#\/schema\/person\/6c38ce2e36209b2a9381a0b0919c47c2\",\"name\":\"gil\",\"image\":{\"@type\":\"ImageObject\",\"inLanguage\":\"en-US\",\"@id\":\"https:\/\/isda-congress.com\/2025\/#\/schema\/person\/image\/\",\"url\":\"https:\/\/secure.gravatar.com\/avatar\/06ad1da76c4572af5e44c224287f09bc7a07242627ccd610e4507f72fafcef39?s=96&d=mm&r=g\",\"contentUrl\":\"https:\/\/secure.gravatar.com\/avatar\/06ad1da76c4572af5e44c224287f09bc7a07242627ccd610e4507f72fafcef39?s=96&d=mm&r=g\",\"caption\":\"gil\"},\"sameAs\":[\"https:\/\/isda-congress.com\/2025\"],\"url\":\"https:\/\/isda-congress.com\/2025\/author\/gil\/\"}]}<\/script>\n<!-- \/ Yoast SEO plugin. -->","yoast_head_json":{"title":"Manel Lujan - ISDA 2025","robots":{"index":"index","follow":"follow","max-snippet":"max-snippet:-1","max-image-preview":"max-image-preview:large","max-video-preview":"max-video-preview:-1"},"canonical":"https:\/\/isda-congress.com\/2025\/dr-manel-lujan\/","og_locale":"en_US","og_type":"article","og_title":"Manel Lujan - ISDA 2025","og_description":"Dr. Manel Luj\u00e1n, MD, PhD, is the Director of the Pulmonology Service at Hospital Universitari Parc Taul\u00ed in Sabadell, Spain. He is also an Associate Professor in the Department of Medicine at Universitat Aut\u00f2noma de Barcelona.\u00a0 He serves as the Director of the Integrated Research Program in Non-Invasive Ventilation of the Spanish Society of Pulmonary [&hellip;]","og_url":"https:\/\/isda-congress.com\/2025\/dr-manel-lujan\/","og_site_name":"ISDA 2025","article_published_time":"2025-03-07T13:07:14+00:00","article_modified_time":"2025-03-24T14:13:44+00:00","og_image":[{"width":300,"height":300,"url":"https:\/\/isda-congress.com\/2025\/wp-content\/uploads\/2025\/03\/Untitled-design-14.png","type":"image\/png"}],"author":"gil","twitter_card":"summary_large_image","twitter_misc":{"Written by":"gil","Est. reading time":"1 minute"},"schema":{"@context":"https:\/\/schema.org","@graph":[{"@type":"Article","@id":"https:\/\/isda-congress.com\/2025\/dr-manel-lujan\/#article","isPartOf":{"@id":"https:\/\/isda-congress.com\/2025\/dr-manel-lujan\/"},"author":{"name":"gil","@id":"https:\/\/isda-congress.com\/2025\/#\/schema\/person\/6c38ce2e36209b2a9381a0b0919c47c2"},"headline":"Manel Lujan","datePublished":"2025-03-07T13:07:14+00:00","dateModified":"2025-03-24T14:13:44+00:00","mainEntityOfPage":{"@id":"https:\/\/isda-congress.com\/2025\/dr-manel-lujan\/"},"wordCount":89,"commentCount":0,"publisher":{"@id":"https:\/\/isda-congress.com\/2025\/#organization"},"image":{"@id":"https:\/\/isda-congress.com\/2025\/dr-manel-lujan\/#primaryimage"},"thumbnailUrl":"https:\/\/isda-congress.com\/2025\/wp-content\/uploads\/2025\/03\/Untitled-design-14.png","articleSection":["Speakers"],"inLanguage":"en-US","potentialAction":[{"@type":"CommentAction","name":"Comment","target":["https:\/\/isda-congress.com\/2025\/dr-manel-lujan\/#respond"]}]},{"@type":"WebPage","@id":"https:\/\/isda-congress.com\/2025\/dr-manel-lujan\/","url":"https:\/\/isda-congress.com\/2025\/dr-manel-lujan\/","name":"Manel Lujan - ISDA 2025","isPartOf":{"@id":"https:\/\/isda-congress.com\/2025\/#website"},"primaryImageOfPage":{"@id":"https:\/\/isda-congress.com\/2025\/dr-manel-lujan\/#primaryimage"},"image":{"@id":"https:\/\/isda-congress.com\/2025\/dr-manel-lujan\/#primaryimage"},"thumbnailUrl":"https:\/\/isda-congress.com\/2025\/wp-content\/uploads\/2025\/03\/Untitled-design-14.png","datePublished":"2025-03-07T13:07:14+00:00","dateModified":"2025-03-24T14:13:44+00:00","breadcrumb":{"@id":"https:\/\/isda-congress.com\/2025\/dr-manel-lujan\/#breadcrumb"},"inLanguage":"en-US","potentialAction":[{"@type":"ReadAction","target":["https:\/\/isda-congress.com\/2025\/dr-manel-lujan\/"]}]},{"@type":"ImageObject","inLanguage":"en-US","@id":"https:\/\/isda-congress.com\/2025\/dr-manel-lujan\/#primaryimage","url":"https:\/\/isda-congress.com\/2025\/wp-content\/uploads\/2025\/03\/Untitled-design-14.png","contentUrl":"https:\/\/isda-congress.com\/2025\/wp-content\/uploads\/2025\/03\/Untitled-design-14.png","width":300,"height":300},{"@type":"BreadcrumbList","@id":"https:\/\/isda-congress.com\/2025\/dr-manel-lujan\/#breadcrumb","itemListElement":[{"@type":"ListItem","position":1,"name":"Home","item":"https:\/\/isda-congress.com\/2025\/"},{"@type":"ListItem","position":2,"name":"Manel Lujan"}]},{"@type":"WebSite","@id":"https:\/\/isda-congress.com\/2025\/#website","url":"https:\/\/isda-congress.com\/2025\/","name":"ISDA 2025","description":"The 8th International Sleep Disorder Academy Congress","publisher":{"@id":"https:\/\/isda-congress.com\/2025\/#organization"},"potentialAction":[{"@type":"SearchAction","target":{"@type":"EntryPoint","urlTemplate":"https:\/\/isda-congress.com\/2025\/?s={search_term_string}"},"query-input":{"@type":"PropertyValueSpecification","valueRequired":true,"valueName":"search_term_string"}}],"inLanguage":"en-US"},{"@type":"Organization","@id":"https:\/\/isda-congress.com\/2025\/#organization","name":"ISDA 2025","url":"https:\/\/isda-congress.com\/2025\/","logo":{"@type":"ImageObject","inLanguage":"en-US","@id":"https:\/\/isda-congress.com\/2025\/#\/schema\/logo\/image\/","url":"https:\/\/isda-congress.com\/2025\/wp-content\/uploads\/2024\/06\/isda.png","contentUrl":"https:\/\/isda-congress.com\/2025\/wp-content\/uploads\/2024\/06\/isda.png","width":500,"height":500,"caption":"ISDA 2025"},"image":{"@id":"https:\/\/isda-congress.com\/2025\/#\/schema\/logo\/image\/"}},{"@type":"Person","@id":"https:\/\/isda-congress.com\/2025\/#\/schema\/person\/6c38ce2e36209b2a9381a0b0919c47c2","name":"gil","image":{"@type":"ImageObject","inLanguage":"en-US","@id":"https:\/\/isda-congress.com\/2025\/#\/schema\/person\/image\/","url":"https:\/\/secure.gravatar.com\/avatar\/06ad1da76c4572af5e44c224287f09bc7a07242627ccd610e4507f72fafcef39?s=96&d=mm&r=g","contentUrl":"https:\/\/secure.gravatar.com\/avatar\/06ad1da76c4572af5e44c224287f09bc7a07242627ccd610e4507f72fafcef39?s=96&d=mm&r=g","caption":"gil"},"sameAs":["https:\/\/isda-congress.com\/2025"],"url":"https:\/\/isda-congress.com\/2025\/author\/gil\/"}]}},"_links":{"self":[{"href":"https:\/\/isda-congress.com\/2025\/wp-json\/wp\/v2\/posts\/2464","targetHints":{"allow":["GET"]}}],"collection":[{"href":"https:\/\/isda-congress.com\/2025\/wp-json\/wp\/v2\/posts"}],"about":[{"href":"https:\/\/isda-congress.com\/2025\/wp-json\/wp\/v2\/types\/post"}],"author":[{"embeddable":true,"href":"https:\/\/isda-congress.com\/2025\/wp-json\/wp\/v2\/users\/1"}],"replies":[{"embeddable":true,"href":"https:\/\/isda-congress.com\/2025\/wp-json\/wp\/v2\/comments?post=2464"}],"version-history":[{"count":5,"href":"https:\/\/isda-congress.com\/2025\/wp-json\/wp\/v2\/posts\/2464\/revisions"}],"predecessor-version":[{"id":2672,"href":"https:\/\/isda-congress.com\/2025\/wp-json\/wp\/v2\/posts\/2464\/revisions\/2672"}],"wp:featuredmedia":[{"embeddable":true,"href":"https:\/\/isda-congress.com\/2025\/wp-json\/wp\/v2\/media\/2713"}],"wp:attachment":[{"href":"https:\/\/isda-congress.com\/2025\/wp-json\/wp\/v2\/media?parent=2464"}],"wp:term":[{"taxonomy":"category","embeddable":true,"href":"https:\/\/isda-congress.com\/2025\/wp-json\/wp\/v2\/categories?post=2464"},{"taxonomy":"post_tag","embeddable":true,"href":"https:\/\/isda-congress.com\/2025\/wp-json\/wp\/v2\/tags?post=2464"}],"curies":[{"name":"wp","href":"https:\/\/api.w.org\/{rel}","templated":true}]}}